[{"@context":"https:\/\/schema.org\/","@type":"Article","@id":"https:\/\/www.venitex.cz\/blizi-se-letni-dovolene\/#Article","mainEntityOfPage":"https:\/\/www.venitex.cz\/blizi-se-letni-dovolene\/","headline":"Bl\u00ed\u017e\u00ed se letn\u00ed dovolen\u00e9","name":"Bl\u00ed\u017e\u00ed se letn\u00ed dovolen\u00e9","description":"Vydat se na dovolenou nen\u00ed jen tak. Kdo se na ni chyst\u00e1, v\u011bt\u0161inou u\u017e v zim\u011b p\u0159em\u00fd\u0161l\u00ed kam","datePublished":"2023-01-05","dateModified":"2023-06-05","author":{"@type":"Person","@id":"https:\/\/www.venitex.cz\/author\/#Person","name":"","url":"https:\/\/www.venitex.cz\/author\/","identifier":1,"image":{"@type":"ImageObject","@id":"https:\/\/secure.gravatar.com\/avatar\/70bfba35016f640cc40a20bdb6eeeb519f15df7de2446955eee0a1f10ed86e77?s=96&d=mm&r=g","url":"https:\/\/secure.gravatar.com\/avatar\/70bfba35016f640cc40a20bdb6eeeb519f15df7de2446955eee0a1f10ed86e77?s=96&d=mm&r=g","height":96,"width":96}},"publisher":{"@type":"Organization","name":"venitex.cz","logo":{"@type":"ImageObject","@id":"\/logo.png","url":"\/logo.png","width":600,"height":60}},"image":{"@type":"ImageObject","@id":"https:\/\/www.venitex.cz\/wp-content\/uploads\/airport-gb7e0f374f_640_2.jpg","url":"https:\/\/www.venitex.cz\/wp-content\/uploads\/airport-gb7e0f374f_640_2.jpg","height":0,"width":0},"url":"https:\/\/www.venitex.cz\/blizi-se-letni-dovolene\/","about":["Cestov\u00e1n\u00ed"],"wordCount":422,"articleBody":"Vydat se na dovolenou nen\u00ed jen tak. Kdo se na ni chyst\u00e1, v\u011bt\u0161inou u\u017e v zim\u011b p\u0159em\u00fd\u0161l\u00ed kam pojede. Je pot\u0159eba toti\u017e zajistit ubytov\u00e1n\u00ed, a kdo v\u00fdb\u011br m\u00edsta a bydlen\u00ed nech\u00e1 na posledn\u00ed chv\u00edli, m\u016f\u017ee b\u00fdt velmi nep\u0159\u00edjemn\u011b p\u0159ekvapen t\u00edm, \u017ee \u017e\u00e1dn\u00e9 ubytov\u00e1n\u00ed nebude m\u00edt voln\u00e9 kapacity. Jestli to nechcete riskovat, je pot\u0159eba dovolenou pl\u00e1novat nejpozd\u011bji na ja\u0159e, kdy u\u017e \u0159ada cestovn\u00edch kancel\u00e1\u0159\u00ed hl\u00e1s\u00ed pln\u00e9 term\u00edny.Sami nebo se z\u00e1jezdem?Ka\u017ed\u00fd si klade ot\u00e1zku, jestli je lep\u0161\u00ed jet s\u00e1m a nebo jestli bude lep\u0161\u00ed jet se z\u00e1jezdem. Ka\u017ed\u00e9mu vyhovuje n\u011bco jin\u00e9ho a tak na tuto ot\u00e1zku nen\u00ed jednozna\u010dn\u00e1 odpov\u011b\u010f, ka\u017edop\u00e1dn\u011b pokud si vyberete solidn\u00ed cestovku a dobr\u00fd z\u00e1jezd, v\u011bt\u0161inou se nen\u00ed \u010deho ob\u00e1vat. V\u0161e m\u00e1te zaplacen\u00e9 a u\u017e v\u00e1s ne\u010dekaj\u00ed krom\u011b vstup\u016f a v\u00fdlet\u016f \u017e\u00e1dn\u00e9 v\u00fddaje nav\u00edc. Je ale pot\u0159eba si dob\u0159e vybrat firmu se kterou pojedete, proto\u017ee aktu\u00e1ln\u011b je jich u n\u00e1s v\u00edce ne\u017e 500. v\u017edy se \u0159i\u010fte zku\u0161enostmi ostatn\u00edch. M\u016f\u017ee se st\u00e1t \u017ee v cen\u011b nebude t\u0159eba transfer z leti\u0161t\u011b nebo cestovn\u00ed poji\u0161t\u011bn\u00ed, a je proto v\u017edycky pot\u0159eba se pt\u00e1t a \u010d\u00edst smlouvy po\u0159\u00e1dn\u011b.Pr\u00e1v\u011b cestovn\u00ed poji\u0161t\u011bn\u00ed je v\u011bc, kterou \u0159ada lid\u00ed opom\u00edj\u00ed, a p\u0159itom je tak d\u016fle\u017eit\u00e1. Ur\u010dit\u011b jste si u\u017e n\u011bkdy ve zpr\u00e1v\u00e1ch poslechli, \u017ee n\u011bjak\u00fd zahrani\u010dn\u00ed turista ly\u017eoval kde nem\u011bl a trhla se s n\u00edm lavina, n\u00e1sledkem \u010deho\u017e muselo b\u00fdt zah\u00e1jeno p\u00e1tr\u00e1n\u00ed a dlouh\u00e1 l\u00e9\u010dba, co\u017e musel nezodpov\u011bdn\u00fd ly\u017ea\u0159 uhradit. Jde o \u010d\u00e1stky v \u0159\u00e1d\u016f statis\u00edc\u016f korun, a vy byste na tom mohli b\u00fdt podobn\u011b, pokud zanedb\u00e1te cestovn\u00ed poji\u0161t\u011bn\u00ed, kter\u00e9 v\u00e1m pokryje n\u00e1klady na p\u0159evoz a l\u00e9\u010dbu v zahrani\u010d\u00ed. Pojistka mus\u00ed b\u00fdt dob\u0159e nastaven\u00e1 a proto nevyb\u00edrejte tu nejlevn\u011bj\u0161\u00ed, kter\u00e1 v\u00e1m pokryje jen naprost\u00fd z\u00e1klad.S pojistkou a dob\u0159e vybran\u00fdm z\u00e1jezdem v\u00e1s \u010dek\u00e1 skv\u011bl\u00e1 dovolen\u00e1, kterou si u\u017eije cel\u00e1 va\u0161e rodina. Byla by \u0161koda cel\u00fd \u017eivot vzpom\u00ednat na vysn\u011bnou dovolenou, kter\u00e1 se prom\u011bnila v no\u010dn\u00ed m\u016fru.                                                                                                                                                                                                                                                                                                                                                                                        3.8\/5 - (9 votes)        "},{"@context":"https:\/\/schema.org\/","@type":"BreadcrumbList","itemListElement":[{"@type":"ListItem","position":1,"name":"Bl\u00ed\u017e\u00ed se letn\u00ed dovolen\u00e9","item":"https:\/\/www.venitex.cz\/blizi-se-letni-dovolene\/#breadcrumbitem"}]}]