[{"@context":"https:\/\/schema.org\/","@type":"Article","@id":"https:\/\/www.venitex.cz\/cestovani-karavanem\/#Article","mainEntityOfPage":"https:\/\/www.venitex.cz\/cestovani-karavanem\/","headline":"Cestov\u00e1n\u00ed karavanem","name":"Cestov\u00e1n\u00ed karavanem","description":"Letn\u00ed dovolen\u00e1 je skv\u011bl\u00fd \u010das, kdy m\u016f\u017eete zcela zrelaxovat a p\u0159ij\u00edt na jin\u00e9 my\u0161lenky. A tak si \u010dlov\u011bk","datePublished":"2023-02-28","dateModified":"2023-09-07","author":{"@type":"Person","@id":"https:\/\/www.venitex.cz\/author\/#Person","name":"","url":"https:\/\/www.venitex.cz\/author\/","identifier":1,"image":{"@type":"ImageObject","@id":"https:\/\/secure.gravatar.com\/avatar\/70bfba35016f640cc40a20bdb6eeeb519f15df7de2446955eee0a1f10ed86e77?s=96&d=mm&r=g","url":"https:\/\/secure.gravatar.com\/avatar\/70bfba35016f640cc40a20bdb6eeeb519f15df7de2446955eee0a1f10ed86e77?s=96&d=mm&r=g","height":96,"width":96}},"publisher":{"@type":"Organization","name":"venitex.cz","logo":{"@type":"ImageObject","@id":"\/logo.png","url":"\/logo.png","width":600,"height":60}},"image":{"@type":"ImageObject","@id":"https:\/\/www.venitex.cz\/wp-content\/uploads\/rv-2788677_640_2.jpg","url":"https:\/\/www.venitex.cz\/wp-content\/uploads\/rv-2788677_640_2.jpg","height":0,"width":0},"url":"https:\/\/www.venitex.cz\/cestovani-karavanem\/","about":["Cestov\u00e1n\u00ed"],"wordCount":414,"articleBody":"Letn\u00ed dovolen\u00e1 je skv\u011bl\u00fd \u010das, kdy m\u016f\u017eete zcela zrelaxovat a p\u0159ij\u00edt na jin\u00e9 my\u0161lenky. A tak si \u010dlov\u011bk u\u017e\u00edv\u00e1 cestov\u00e1n\u00ed naplno. Proto\u017ee s duchem pro cestov\u00e1n\u00ed se prost\u011b mus\u00edte ji\u017e narodit. A kdy\u017e u\u017e takov\u00fd jste je opravdu t\u011b\u017ek\u00e9 vol\u00e1n\u00ed nov\u00fdch dobrodru\u017estv\u00ed odolat. A tak vzniklo mnoho zp\u016fsob\u016f, jak si cestov\u00e1n\u00ed u\u017e\u00edt. N\u011bkdo vkl\u00e1d\u00e1 v\u0161echnu svoji d\u016fv\u011bru do cestovn\u00edch kancel\u00e1\u0159\u00ed. Proto\u017ee maj\u00ed r\u00e1di, pokud je v\u0161e pod kontrolou a jejich cestov\u00e1n\u00ed m\u00e1 pevn\u00fd \u0159\u00e1d. A pokud m\u00e1te probl\u00e9m m\u016f\u017eete se klidn\u011b obr\u00e1tit na deleg\u00e1ty. Potom tu m\u00e1me skupinu cestovatel\u016f, kte\u0159\u00ed cestuj\u00ed na vlastn\u00ed p\u011bst. A cestuj\u00ed t\u0159eba podle toho, jak\u00e9 letenky si najdou jako last minute. A pak tu m\u00e1me skupinu cestovatel\u016f, kter\u00e1 je sama o sob\u011b super. Jsou to toti\u017e nad\u0161enci, kte\u0159\u00ed preferuj\u00ed cestov\u00e1n\u00ed na kolech. A to bu\u010f karavanem anebo obytn\u00fdm vozem. P\u0159edev\u0161\u00edm je to super v\u011bc, proto\u017ee si svoje cestov\u00e1n\u00ed \u0159\u00edd\u00edte od sam\u00e9ho za\u010d\u00e1tku a\u017e do konce. Jste p\u00e1ni sv\u00e9ho \u010dasu a vy si vol\u00edte kolik kilometr\u016f jste schopni za den odjet. A nemus\u00edte \u0159e\u0161it \u017e\u00e1dn\u00e9 ubytov\u00e1n\u00ed. V\u0161e, co budete pot\u0159ebovat se nach\u00e1z\u00ed p\u0159\u00edmo ve va\u0161em karavanu. A v\u0161ak pokud chcete popoj\u00ed\u017ed\u011bt z m\u00edsta na m\u00edsto je pro v\u00e1s ide\u00e1ln\u00ed volba obytn\u00e9ho vozu. A obytn\u00fd v\u016fz tak\u00e9 poskytuje vet\u0161\u00ed pohodl\u00ed ne\u017e nap\u0159\u00edklad jen karavan. Zaparkovat m\u016f\u017eete t\u00e9m\u011b\u0159 kdekoliv. A to t\u0159eba i na b\u0159ehu jezera anebo v lese. Ale z \u010dist\u011b praktick\u00fdch d\u016fvod\u016f je lep\u0161\u00ed ho zaparkovat n\u011bkde v campu. Pro jeho \u0159\u00edzen\u00ed byste se m\u011bli vej\u00edt do skupiny s \u0159idi\u010dsk\u00fdm opr\u00e1vn\u011bn\u00edm skupiny B. Bu\u010f si m\u016f\u017eete obytn\u00fd v\u016fz a nebo karavan koupit. Ale v posledn\u00ed dob\u011b je velmi popul\u00e1rn\u00ed si obytn\u00fd v\u016fz anebo karavan pronajmout. A to v\u011bt\u0161inou v \u0159\u00e1dech tis\u00edc\u016f a nesm\u00edte zapomenout si k tomu p\u0159ipo\u010d\u00edst cenu pohonn\u00fdch hmot a parkov\u00e1n\u00ed. Nen\u00ed tedy jednoduch\u00e9 takto cestovat. Ale pokud se pro tento druh p\u0159eci jenom rozhodnete, nebudete ur\u010dit\u011b litovat. A va\u0161e vzpom\u00ednky v\u00e1m z\u016fstanou nav\u017edy.\u00a0                                                                                                                                                                                                                                                                                                                                                                                        4.3\/5 - (11 votes)        "},{"@context":"https:\/\/schema.org\/","@type":"BreadcrumbList","itemListElement":[{"@type":"ListItem","position":1,"name":"Cestov\u00e1n\u00ed karavanem","item":"https:\/\/www.venitex.cz\/cestovani-karavanem\/#breadcrumbitem"}]}]