[{"@context":"https:\/\/schema.org\/","@type":"Article","@id":"https:\/\/www.venitex.cz\/co-nosit-cely-rok\/#Article","mainEntityOfPage":"https:\/\/www.venitex.cz\/co-nosit-cely-rok\/","headline":"Co nosit cel\u00fd rok","name":"Co nosit cel\u00fd rok","description":"M\u00e1te n\u011bjak\u00fd styl oble\u010den\u00ed? Styl emo fr\u010del u dosp\u00edvaj\u00edc\u00edch, a jen obliba v\u00edcem\u00e9n\u011b p\u0159es\u00e1hla z USA a\u017e k","datePublished":"2023-04-08","dateModified":"2023-06-08","author":{"@type":"Person","@id":"https:\/\/www.venitex.cz\/author\/#Person","name":"","url":"https:\/\/www.venitex.cz\/author\/","identifier":1,"image":{"@type":"ImageObject","@id":"https:\/\/secure.gravatar.com\/avatar\/70bfba35016f640cc40a20bdb6eeeb519f15df7de2446955eee0a1f10ed86e77?s=96&d=mm&r=g","url":"https:\/\/secure.gravatar.com\/avatar\/70bfba35016f640cc40a20bdb6eeeb519f15df7de2446955eee0a1f10ed86e77?s=96&d=mm&r=g","height":96,"width":96}},"publisher":{"@type":"Organization","name":"venitex.cz","logo":{"@type":"ImageObject","@id":"\/logo.png","url":"\/logo.png","width":600,"height":60}},"image":{"@type":"ImageObject","@id":"https:\/\/www.venitex.cz\/wp-content\/uploads\/woman-gd0720b38c_640_6.jpg","url":"https:\/\/www.venitex.cz\/wp-content\/uploads\/woman-gd0720b38c_640_6.jpg","height":0,"width":0},"url":"https:\/\/www.venitex.cz\/co-nosit-cely-rok\/","about":["Produkty"],"wordCount":428,"articleBody":"   M\u00e1te n\u011bjak\u00fd styl oble\u010den\u00ed? Styl emo fr\u010del u dosp\u00edvaj\u00edc\u00edch, a jen obliba v\u00edcem\u00e9n\u011b p\u0159es\u00e1hla z USA a\u017e k n\u00e1m. Ned\u00edlnou sou\u010d\u00e1st\u00ed tohoto stylu byly depresivn\u00ed p\u00edsni\u010dky. Daleko v\u00fdrazn\u011bj\u0161\u00ed ne\u017e p\u00edsn\u011b ale byl pr\u00e1v\u011b vzhled. Po emo holk\u00e1ch \u0161\u00edlel snad ka\u017ed\u00fd kluk, proto\u017ee nezapadaly do b\u011b\u017en\u00e9 populace. Dok\u00e1zaly okouzlit pe\u010dliv\u011b na\u010desan\u00fdmi vlasy a nal\u00ed\u010den\u00fdm obli\u010dejem. Sle\u010dny si mohly dovolit nosit i v\u00fdst\u0159ihy, a tak nen\u00ed divu \u017ee se tento styl udr\u017eel v m\u00f3d\u011b tak dlouho. M\u00f3da se m\u011bn\u00ed a dnes \u017e nenajdeme t\u00e9m\u011b\u0159 nikoho kdo by tento styl nosil. Zvl\u00e1\u0161t\u011b pro dosp\u011bl\u00e9 se moc nehod\u00ed.V dosp\u011blosti m\u00e1 \u010dlov\u011bk na v\u00fdb\u011br v\u00edcem\u00e9n\u011b dv\u011b mo\u017enosti &#8211; eleganci a nebo sportovn\u011bj\u0161\u00ed styl. Zejm\u00e9na \u017eeny d\u00e1vaj\u00ed \u010dasto p\u0159ednost sportovn\u00edmu a hlavn\u011b pohodln\u00e9mu oble\u010den\u00ed v p\u0159\u00edpad\u011b, \u017ee \u010dasto b\u011bhaj\u00ed za sv\u00fdmi d\u011btmi. Pron\u00e1sledov\u00e1n\u00ed batolete se v lodi\u010dk\u00e1ch realizuje \u0161patn\u011b, a tak nen\u00ed divu \u017ee matky nakonec z elegance p\u0159esedlaj\u00ed pr\u00e1v\u011b do pohodl\u00ed. Na tom nen\u00ed nic \u0161patn\u00e9ho, i pohodln\u011bj\u0161\u00ed oble\u010den\u00ed m\u016f\u017ee vypadat skv\u011ble. Chce to si jen pohr\u00e1t s t\u00edm co v\u00e1m slu\u0161\u00ed.Ned\u00edlnou sou\u010d\u00e1st\u00ed \u0161atn\u00edku je spodn\u00ed pr\u00e1dlo. V dne\u0161n\u00ed dob\u011b je ho na trhu obrovsk\u00e9 mno\u017estv\u00ed a tak si m\u016f\u017eete vybrat z mnoha materi\u00e1l\u016f, st\u0159ih\u016f a barev. \u017deny v\u011bt\u0161inou sahaj\u00ed po souprav\u00e1ch, aby se v pr\u00e1dle l\u00edbily i mu\u017e\u016fm. Sestavit si ale m\u016f\u017eete i vlastn\u00ed soupravu podle velikosti, jeliko\u017e se \u010dasto st\u00e1v\u00e1 \u017ee \u017een\u011b sed\u00ed bu\u010f jen kalhotky nebo naopak jen podprsenka z cel\u00e9 soupravy a tak si ji nem\u016f\u017ee koupit vcelku. Vybrat spr\u00e1vnou velikost podprsenky nen\u00ed snadn\u00e9 a je lep\u0161\u00ed chodit do obchod\u016f, kde v\u00e1m pan\u00ed prodava\u010dky dok\u00e1\u017eou pomoct.\u0158ada \u017een si ob\u010das r\u00e1da vyjde bez podprsenky Lifties, a to hlavn\u011b v l\u00e9t\u011b. O zpocen\u00e9 t\u011blo se od\u00edr\u00e1 kostice, a to zp\u016fsobuje opruzeniny, co\u017e nen\u00ed v\u016fbec p\u0159\u00edjemn\u00e9. Mnoho \u017een by ji r\u00e1do odhodilo alespo\u0148 v nejv\u011bt\u0161\u00edch vedrech, ale maj\u00ed strach z reakce okol\u00ed. Na\u0161t\u011bst\u00ed existuj\u00ed kryty na bradavky nebo neviditeln\u00e1 samodr\u017e\u00edc\u00ed podprsenka, tak\u017ee tu klasickou klidn\u011b m\u016f\u017eete dolo\u017eit.                                                                                                                                                                                                                                                                                                                                                                                          3.3\/5 - (9 votes)        "},{"@context":"https:\/\/schema.org\/","@type":"BreadcrumbList","itemListElement":[{"@type":"ListItem","position":1,"name":"Co nosit cel\u00fd rok","item":"https:\/\/www.venitex.cz\/co-nosit-cely-rok\/#breadcrumbitem"}]}]