[{"@context":"https:\/\/schema.org\/","@type":"Article","@id":"https:\/\/www.venitex.cz\/hodte-starosti-s-uklidem-za-hlavu\/#Article","mainEntityOfPage":"https:\/\/www.venitex.cz\/hodte-starosti-s-uklidem-za-hlavu\/","headline":"Ho\u010fte starosti s \u00faklidem za hlavu","name":"Ho\u010fte starosti s \u00faklidem za hlavu","description":"Kdy\u017e se chyst\u00e1me na v\u00fdmalbu bytov\u00fdch prostor, stavbu domu nebo rekonstrukci interi\u00e9ru, obn\u00e1\u0161\u00ed to spoustu pr\u00e1ce. Mus\u00edme nakoupit","datePublished":"2023-04-15","dateModified":"2023-04-15","author":{"@type":"Person","@id":"https:\/\/www.venitex.cz\/author\/#Person","name":"","url":"https:\/\/www.venitex.cz\/author\/","identifier":1,"image":{"@type":"ImageObject","@id":"https:\/\/secure.gravatar.com\/avatar\/70bfba35016f640cc40a20bdb6eeeb519f15df7de2446955eee0a1f10ed86e77?s=96&d=mm&r=g","url":"https:\/\/secure.gravatar.com\/avatar\/70bfba35016f640cc40a20bdb6eeeb519f15df7de2446955eee0a1f10ed86e77?s=96&d=mm&r=g","height":96,"width":96}},"publisher":{"@type":"Organization","name":"venitex.cz","logo":{"@type":"ImageObject","@id":"\/logo.png","url":"\/logo.png","width":600,"height":60}},"image":{"@type":"ImageObject","@id":"https:\/\/www.venitex.cz\/wp-content\/uploads\/pexels-photo-994164.jpeg","url":"https:\/\/www.venitex.cz\/wp-content\/uploads\/pexels-photo-994164.jpeg","height":0,"width":0},"url":"https:\/\/www.venitex.cz\/hodte-starosti-s-uklidem-za-hlavu\/","about":["Slu\u017eby"],"wordCount":402,"articleBody":"          Kdy\u017e se chyst\u00e1me na v\u00fdmalbu bytov\u00fdch prostor, stavbu domu nebo rekonstrukci interi\u00e9ru, obn\u00e1\u0161\u00ed to spoustu pr\u00e1ce. Mus\u00edme nakoupit barvy, za\u0159\u00eddit v\u0161echen pot\u0159ebn\u00fd materi\u00e1l, bez kter\u00e9ho se tyto pr\u00e1ce neobejdou. Pot\u00e9 odborn\u00edky, kdy\u017e se do toho nechceme pou\u0161t\u011bt sami vlastn\u00edma rukama. V\u0161e se t\u0159eba \u0159\u00e1dn\u011b rozpl\u00e1novat, m\u00edt p\u0159edstavu o fin\u00e1ln\u00edm v\u00fdsledku. Hodn\u011b z\u00e1le\u017e\u00ed na tom, jak rozs\u00e1hlou pr\u00e1ci jsme si napl\u00e1novali a podle toho se logicky odv\u00edj\u00ed \u010das, kter\u00fd se nad t\u00edm str\u00e1v\u00ed, ne\u017e to bude kompletn\u011b hotov\u00e9. Pokud m\u00e1me organizaci pod palcem, zb\u00fdv\u00e1 u\u017e jen jedin\u00e9. Fin\u00e1ln\u00ed \u00faklid. A co si budeme pov\u00eddat, to b\u00fdv\u00e1 v\u017edycky po\u0159\u00e1dn\u00e1 fu\u0161ka. Spousta v\u011bc\u00ed od barev, v\u0161ude hromada prachu, karton\u016f a pap\u00edr\u016f na vyhozen\u00ed. Je t\u0159eba \u0159\u00e1dn\u011b um\u00fdt okna, odlepit v\u0161echny p\u00e1sky po malov\u00e1n\u00ed, rozbalit zabalen\u00e9 v\u011bci igelitem, pokud jsme chr\u00e1nili n\u00e1bytek p\u0159ed po\u0161kozen\u00edm a tak d\u00e1le a tak d\u00e1le. \u010cas, kter\u00fd se nad takov\u00fdmto \u00faklidem str\u00e1v\u00ed, nen\u00ed zrovna kr\u00e1tk\u00fd. Pokud samoz\u0159ejm\u011b chceme m\u00edt dokonale uklizeno a radovat se z nov\u00e9ho a \u010dist\u00e9ho. Na\u0161t\u011bst\u00ed je tu skv\u011bl\u00e1 zpr\u00e1va. Existuj\u00ed odborn\u00edci, kte\u0159\u00ed se zam\u011b\u0159uj\u00ed na \u00faklidy pr\u00e1v\u011b po rekonstrukc\u00edch, stavb\u00e1ch a v\u00fdmalb\u00e1ch. Sta\u010d\u00ed si s nimi domluvit term\u00edn \u00faklidu a v\u0161e, co od nich budete pot\u0159ebovat uklidit. Nav\u00edc \u00faklidov\u00e9 firmy maj\u00ed v\u0161echno pot\u0159ebn\u00e9 vybaven\u00ed, tak\u017ee si hrav\u011b porad\u00ed i s v\u011bcmi, kter\u00e9 byste zvl\u00e1dali s dom\u00e1c\u00edmi \u00faklidov\u00fdmi pot\u0159ebami, jen t\u011b\u017eko. Jako bonus je pro n\u011b samoz\u0159ejmost v\u0161echny povrchy po \u00faklidu vydezinfikovat. Pot\u0159ebujete si objednat \u00faklid po malov\u00e1n\u00ed p\u0159\u00edmo v Praze? Pak kontaktujte firmu Modr\u00fd \u017eralok. Maj\u00ed skv\u011bl\u00e9 recenze. Domluva s nimi je rychl\u00e1, snadn\u00e1 a bez probl\u00e9m\u016f. V\u011b\u0159\u00edm, \u017ee budete spokojeni. Pt\u00e1te se na cenu? To je jist\u011b d\u016fle\u017eit\u00fd faktor. Kontaktujte firmu a cenovou nab\u00eddku V\u00e1m r\u00e1di za\u0161lou. Nen\u00ed nad to nechat n\u00e1ro\u010dn\u00fd \u00faklid odborn\u00edk\u016fm a t\u011b\u0161it se z nov\u00fdch, kr\u00e1sn\u00fdch a \u010dist\u00fdch prostor.                                                                                                                                                                                                                                                                                                                                                                                          4.4\/5 - (5 votes)        "},{"@context":"https:\/\/schema.org\/","@type":"BreadcrumbList","itemListElement":[{"@type":"ListItem","position":1,"name":"Ho\u010fte starosti s \u00faklidem za hlavu","item":"https:\/\/www.venitex.cz\/hodte-starosti-s-uklidem-za-hlavu\/#breadcrumbitem"}]}]