[{"@context":"https:\/\/schema.org\/","@type":"Article","@id":"https:\/\/www.venitex.cz\/ja-a-pocitac\/#Article","mainEntityOfPage":"https:\/\/www.venitex.cz\/ja-a-pocitac\/","headline":"J\u00e1 a po\u010d\u00edta\u010d","name":"J\u00e1 a po\u010d\u00edta\u010d","description":"Kdy\u017e jsem byla mal\u00e9 d\u00edt\u011b, tak jsem z\u00e1vid\u011bla v\u0161em okolo, kdy\u017e m\u011bli po\u010d\u00edta\u010d. A tak\u00e9 v\u016fbec jsem nech\u00e1pala,","datePublished":"2023-03-18","dateModified":"2023-04-25","author":{"@type":"Person","@id":"https:\/\/www.venitex.cz\/author\/#Person","name":"","url":"https:\/\/www.venitex.cz\/author\/","identifier":1,"image":{"@type":"ImageObject","@id":"https:\/\/secure.gravatar.com\/avatar\/70bfba35016f640cc40a20bdb6eeeb519f15df7de2446955eee0a1f10ed86e77?s=96&d=mm&r=g","url":"https:\/\/secure.gravatar.com\/avatar\/70bfba35016f640cc40a20bdb6eeeb519f15df7de2446955eee0a1f10ed86e77?s=96&d=mm&r=g","height":96,"width":96}},"publisher":{"@type":"Organization","name":"venitex.cz","logo":{"@type":"ImageObject","@id":"\/logo.png","url":"\/logo.png","width":600,"height":60}},"image":{"@type":"ImageObject","@id":"https:\/\/www.venitex.cz\/wp-content\/uploads\/macbook-459196_960_720_7.jpg","url":"https:\/\/www.venitex.cz\/wp-content\/uploads\/macbook-459196_960_720_7.jpg","height":0,"width":0},"url":"https:\/\/www.venitex.cz\/ja-a-pocitac\/","about":["PC"],"wordCount":420,"articleBody":"Kdy\u017e jsem byla mal\u00e9 d\u00edt\u011b, tak jsem z\u00e1vid\u011bla v\u0161em okolo, kdy\u017e m\u011bli po\u010d\u00edta\u010d. A tak\u00e9 v\u016fbec jsem nech\u00e1pala, pro\u010d j\u00e1 jako d\u00edt\u011b, kdy\u017e mi bylo sedm let, tak j\u00e1 jedin\u00e9 d\u00edt\u011b jsem z ulice nemohla m\u00edt tablet anebo mobil anebo tak\u00e9 po\u010d\u00edta\u010d. V\u017edycky jsem si po\u010d\u00edta\u010d moc p\u0159\u00e1la. Pro\u010d jsem nemohla m\u00edt po\u010d\u00edta\u010d stejn\u011b jako ostatn\u00ed d\u011bti a moji kamar\u00e1di. Nejhor\u0161\u00ed na tom bylo, \u017ee dokonce i m\u016fj star\u0161\u00ed bratr a tak\u00e9 moje nejlep\u0161\u00ed kamar\u00e1dka u\u017e m\u011bli sv\u016fj vlastn\u00ed po\u010d\u00edta\u010d a taky mobiln\u00ed telefon. Bratr byl o dva a p\u016fl roku star\u0161\u00ed, ne\u017e jsem byla j\u00e1. Tak\u017ee sice ch\u00e1pu, \u017ee bratr byl prvn\u00ed, kdo m\u011bl tyto technick\u00e9 vymo\u017eenosti ve form\u011b mobiln\u00edho telefonu a po\u010d\u00edta\u010de, ale zase mi to p\u0159i\u0161lo nespravedliv\u00e9. Pro\u010d bratr musel dostat ihned ob\u011b v\u011bci, zat\u00edmco j\u00e1 ani jednu? T\u0159eba bych pochopila, kdyby bratr dostal po\u010d\u00edta\u010d a j\u00e1 t\u0159eba tablet anebo mobiln\u00ed telefon. Jenom\u017ee j\u00e1 jsem nedostala v\u016fbec nic. To by bylo sedm let a v t\u00e9 dob\u011b u\u017e bylo zcela norm\u00e1ln\u00ed, \u017ee i mal\u00e9 d\u011bti m\u011bly mobiln\u00ed telefon anebo po\u010d\u00edta\u010d. Tak kde byl\u00a0probl\u00e9m\u00a0a kde byla chyba? Moje m\u00e1ma a otec mi \u0159ekli, \u017ee bratr dostal po\u010d\u00edta\u010d a mobiln\u00ed telefon kv\u016fli \u0161kole. A mobiln\u00ed telefon kv\u016fli \u0161kole, aby mohl zavolat rodi\u010d\u016fm, aby pro n\u011bj p\u0159ijeli, kdyby mu nejel autobus ze \u0161koly. A po\u010d\u00edta\u010d dostal kv\u016fli tomu, \u017ee ho pot\u0159eboval do \u0161koly, kde maj\u00ed\u00a0online\u00a0\u017e\u00e1kovskou kn\u00ed\u017eku anebo tak\u00e9\u00a0online\u00a0dom\u00e1c\u00ed \u00fakoly. Sice ch\u00e1pu, \u017ee dne\u0161n\u00ed doba je takov\u00e1\u00a0online\u00a0a \u017ee po\u010d\u00edta\u010d je \u00fapln\u011b pot\u0159eba, ale j\u00e1 jako d\u00edt\u011b jsem tak\u00e9 cht\u011bla m\u00edt n\u011bco, se budou m\u00edt ostatn\u00ed kolem m\u011b. Dokonce i jedna moje kamar\u00e1dka, kter\u00e1 byla o rok mlad\u0161\u00ed ne\u017e j\u00e1, tak ona tak\u00e9 m\u011bla doma po\u010d\u00edta\u010d a mobiln\u00ed telefon. Mysl\u00edm si, \u017ee asi moji rodi\u010de\u00a0pova\u017eovali\u00a0mobil nebo po\u010d\u00edta\u010d pro mal\u00e9 d\u00edt\u011b asi zbyte\u010dn\u00fd. Jinak si to v\u00e1\u017en\u011b neum\u00edm\u00a0p\u0159edstavit. Jenom\u017ee v dne\u0161n\u00ed dob\u011b ka\u017ed\u00fd v pr\u00e1ci chce, a\u0165 um\u00ed ka\u017ed\u00fd s po\u010d\u00edta\u010dem. A kdy\u017e se to nau\u010d\u00ed d\u00edt\u011b rychle, tak t\u00edm l\u00e9pe.\u00a0                                                                                                                                                                                                                                                                                                                                                                                        3.7\/5 - (15 votes)        "},{"@context":"https:\/\/schema.org\/","@type":"BreadcrumbList","itemListElement":[{"@type":"ListItem","position":1,"name":"J\u00e1 a po\u010d\u00edta\u010d","item":"https:\/\/www.venitex.cz\/ja-a-pocitac\/#breadcrumbitem"}]}]