[{"@context":"https:\/\/schema.org\/","@type":"Article","@id":"https:\/\/www.venitex.cz\/osobni-vozidlo-vam-da-svobodu\/#Article","mainEntityOfPage":"https:\/\/www.venitex.cz\/osobni-vozidlo-vam-da-svobodu\/","headline":"Osobn\u00ed vozidlo V\u00e1m d\u00e1 svobodu","name":"Osobn\u00ed vozidlo V\u00e1m d\u00e1 svobodu","description":"Bez auto\u0161koly Praha nikdy neza\u017eijete ten pocit, kdy si bez ciz\u00ed pomoci zajedete samostatn\u011b t\u0159eba do kina nebo","datePublished":"2025-03-14","dateModified":"2025-03-14","author":{"@type":"Person","@id":"https:\/\/www.venitex.cz\/author\/#Person","name":"","url":"https:\/\/www.venitex.cz\/author\/","identifier":1,"image":{"@type":"ImageObject","@id":"https:\/\/secure.gravatar.com\/avatar\/70bfba35016f640cc40a20bdb6eeeb519f15df7de2446955eee0a1f10ed86e77?s=96&d=mm&r=g","url":"https:\/\/secure.gravatar.com\/avatar\/70bfba35016f640cc40a20bdb6eeeb519f15df7de2446955eee0a1f10ed86e77?s=96&d=mm&r=g","height":96,"width":96}},"publisher":{"@type":"Organization","name":"venitex.cz","logo":{"@type":"ImageObject","@id":"\/logo.png","url":"\/logo.png","width":600,"height":60}},"url":"https:\/\/www.venitex.cz\/osobni-vozidlo-vam-da-svobodu\/","wordCount":168,"articleBody":"Bez auto\u0161koly Praha nikdy neza\u017eijete ten pocit, kdy si bez ciz\u00ed pomoci zajedete samostatn\u011b t\u0159eba do kina nebo na n\u011bjak\u00fd kr\u00e1sn\u00fd v\u00fdlet do hor. Najednou se ji\u017e nebudete muset dopro\u0161ovat sv\u00fdch kamar\u00e1d\u016f nebo rodinn\u00fdch p\u0159\u00edslu\u0161n\u00edk\u016f, aby V\u00e1s n\u011bkdo odvezl a n\u00e1sledn\u011b V\u00e1s po n\u011bjak\u00e9 dob\u011b op\u011bt na n\u011bjak\u00e9m vhodn\u00e9m m\u00edst\u011b vyzvedl. Budete prost\u011b samostatn\u00ed a svobodn\u00ed. To je sen ka\u017ed\u00e9ho \u010dlov\u011bka. Ovl\u00e1d\u00e1n\u00ed osobn\u00edho vozidla nen\u00ed slo\u017eit\u00e9 Bez auto\u0161koly Praha prost\u011b nezjist\u00edte, \u017ee ovl\u00e1d\u00e1n\u00ed osobn\u00edho vozidla vlastn\u011b nen\u00ed v\u016fbec tak slo\u017eit\u00e9, jak si n\u011bkte\u0159\u00ed lid\u00e9 mysl\u00ed a maj\u00ed tak zbyte\u010dn\u00e9 obavy a boj\u00ed se nav\u0161t\u011bvovat kurzy, kde se ovl\u00e1d\u00e1n\u00ed osobn\u00edho vozidla vyu\u010duje. Je to velk\u00e1 \u0161koda, proto\u017ee to doopravdy nen\u00ed nic slo\u017eit\u00e9ho. Chce to jenom dostatek praxe a opatrnosti.                                                                                                                                                                                                                                                                                                                                                                                        5\/5 - (1 vote)        "},{"@context":"https:\/\/schema.org\/","@type":"BreadcrumbList","itemListElement":[{"@type":"ListItem","position":1,"name":"Osobn\u00ed vozidlo V\u00e1m d\u00e1 svobodu","item":"https:\/\/www.venitex.cz\/osobni-vozidlo-vam-da-svobodu\/#breadcrumbitem"}]}]