[{"@context":"https:\/\/schema.org\/","@type":"Article","@id":"https:\/\/www.venitex.cz\/prima-stany\/#Article","mainEntityOfPage":"https:\/\/www.venitex.cz\/prima-stany\/","headline":"Prima stany","name":"Prima stany","description":"V\u011b\u0159te mi, \u017ee kdy\u017e po\u0159\u00e1d\u00e1te n\u011bjakou velikou zahradn\u00ed oslavu nebo p\u00e1rty, tak se v\u00e1m budou t\u0159eba nap\u0159\u00edklad hodit","datePublished":"2023-04-24","dateModified":"2023-05-31","author":{"@type":"Person","@id":"https:\/\/www.venitex.cz\/author\/#Person","name":"","url":"https:\/\/www.venitex.cz\/author\/","identifier":1,"image":{"@type":"ImageObject","@id":"https:\/\/secure.gravatar.com\/avatar\/70bfba35016f640cc40a20bdb6eeeb519f15df7de2446955eee0a1f10ed86e77?s=96&d=mm&r=g","url":"https:\/\/secure.gravatar.com\/avatar\/70bfba35016f640cc40a20bdb6eeeb519f15df7de2446955eee0a1f10ed86e77?s=96&d=mm&r=g","height":96,"width":96}},"publisher":{"@type":"Organization","name":"venitex.cz","logo":{"@type":"ImageObject","@id":"\/logo.png","url":"\/logo.png","width":600,"height":60}},"image":{"@type":"ImageObject","@id":"https:\/\/www.venitex.cz\/wp-content\/uploads\/camping-4303357_960_720_1.jpg","url":"https:\/\/www.venitex.cz\/wp-content\/uploads\/camping-4303357_960_720_1.jpg","height":0,"width":0},"url":"https:\/\/www.venitex.cz\/prima-stany\/","about":["Produkty"],"wordCount":437,"articleBody":"   V\u011b\u0159te mi, \u017ee kdy\u017e po\u0159\u00e1d\u00e1te n\u011bjakou velikou zahradn\u00ed oslavu nebo p\u00e1rty, tak se v\u00e1m budou t\u0159eba nap\u0159\u00edklad hodit n\u011bkter\u00e9 stany jako nap\u0159\u00edklad opravdu kr\u00e1sn\u00fd a kvalitn\u00ed n\u016f\u017ekov\u00fd p\u00e1rty stan o velikosti 3 x 9 metr\u016f. Mo\u017en\u00e1 si \u0159\u00edk\u00e1te, \u017ee n\u016f\u017ekov\u00fd stan o velikosti 3 x 3 metr\u016f bude pro v\u00e1s opravdu hodn\u011b zbyte\u010dn\u00fd, proto\u017ee je moc velik\u00fd. Jenom\u017ee mi v\u011b\u0159te, \u017ee tomu tak b\u00fdt nemus\u00ed. Proto\u017ee kdy\u017e t\u0159eba budete po\u0159\u00e1dat n\u011bjakou velikou p\u00e1rty, tak se v\u00e1m to jist\u011b zal\u00edb\u00ed. A potom, kdy\u017e nap\u0159\u00edklad budete cht\u00edt pozvat v\u00edce lid\u00ed, tak se tam samoz\u0159ejm\u011b velik\u00fd n\u016f\u017ekov\u00fd p\u00e1rty stan o velikosti 3 x 9 metr\u016f bude jist\u011b hodit. A pokud v\u00e1h\u00e1te, tak v\u00e1m je\u0161t\u011b p\u0159ipomenu je\u0161t\u011b jednu velice d\u016fle\u017eitou a hodn\u011b praktickou v\u011bc.Pokud nebudete zrovna pou\u017e\u00edvat tento velk\u00fd p\u00e1rty stan a velikosti 3 x 9 metr\u016f na va\u0161i p\u00e1rty nebo oslavu, tak klidn\u011b ten stan m\u016f\u017eete m\u00edt na zahrad\u011b st\u00e1le postaven\u00fd a m\u00edt tam t\u0159eba ukryt\u00fd zahradn\u00ed n\u00e1bytek anebo seka\u010dku a tak podobn\u011b. Anebo pro\u010d byste tam nemohli d\u00e1t kola? T\u0159eba kdy\u017e nem\u00e1te gar\u00e1\u017e a cht\u011bli byste n\u011bco schovat, tak se v\u00e1m n\u011bjak\u00fd velk\u00fd p\u00e1rty stan bude jist\u011b hodit. Podle m\u00e9ho n\u00e1zoru tohle se doma v\u016fbec nikdy neztrat\u00ed. Pokud t\u0159eba nebudete m\u00edt kde ho slo\u017eit, tak tak\u00e9 nen\u00ed od v\u011bci, kdy\u017e ho t\u0159eba na t\u00fdden d\u00e1te n\u011bkomu tak\u00e9 k pron\u00e1jmu. Nebylo by to skv\u011bl\u00e9? Samoz\u0159ejm\u011b, \u017ee m\u016f\u017eete pronaj\u00edmat i svoje p\u00e1rty stany.J\u00e1 na tom \u0161patn\u00e9ho nevid\u00edm. A tak\u00e9 v\u00edce informac\u00ed nebo prodej t\u011bchto kvalitn\u00edch velk\u00fdch p\u00e1rty stan\u016f najdete na webov\u00e9 str\u00e1nce tentino.cz, kde je opravdu mnoho kr\u00e1sn\u00fdch v\u011bc\u00ed. Najdete tady nejenom stany, ale tak\u00e9 nap\u0159\u00edklad \u017eidle, stolky nebo r\u016fzn\u00e9 potahy, kter\u00e9 se v\u00e1m tak\u00e9 na va\u0161i p\u00e1rty budou hodit. A j\u00e1 u\u017e se nem\u016f\u017eu do\u010dkat, a\u017e j\u00e1 sv\u00fdm d\u011btem ud\u011bl\u00e1m v l\u00e9t\u011b n\u011bjakou d\u011btskou p\u00e1rty na zahrad\u011b, kterou tak miluji. Mysl\u00edm si, \u017ee by tohle m\u011bl zkusit ka\u017ed\u00fd, proto\u017ee d\u011btsk\u00fdch oslav nen\u00ed v\u00e1\u017en\u011b nikdy dost. A n\u016f\u017ekov\u00fd p\u00e1rty stan 3&#215;9 m Tentino bude pro v\u00e1s jist\u011b ide\u00e1ln\u00ed.                                                                                                                                                                                                                                                                                                                                                                                           3.9\/5 - (7 votes)        "},{"@context":"https:\/\/schema.org\/","@type":"BreadcrumbList","itemListElement":[{"@type":"ListItem","position":1,"name":"Prima stany","item":"https:\/\/www.venitex.cz\/prima-stany\/#breadcrumbitem"}]}]