[{"@context":"https:\/\/schema.org\/","@type":"Article","@id":"https:\/\/www.venitex.cz\/proc-se-nekteri-podnikatele-rozhodnou-pro-virtualni-sidlo-ostrava\/#Article","mainEntityOfPage":"https:\/\/www.venitex.cz\/proc-se-nekteri-podnikatele-rozhodnou-pro-virtualni-sidlo-ostrava\/","headline":"Pro\u010d se n\u011bkte\u0159\u00ed podnikatel\u00e9 rozhodnou pro virtu\u00e1ln\u00ed s\u00eddlo Ostrava","name":"Pro\u010d se n\u011bkte\u0159\u00ed podnikatel\u00e9 rozhodnou pro virtu\u00e1ln\u00ed s\u00eddlo Ostrava","description":"Ze z\u00e1kona mus\u00ed m\u00edt v na\u0161\u00ed republice ka\u017ed\u00fd podnikatel, a\u0165 u\u017e se jedn\u00e1 o osobu samostatn\u011b v\u00fdd\u011ble\u010dn\u011b \u010dinnou","datePublished":"2023-06-21","dateModified":"2023-07-24","author":{"@type":"Person","@id":"https:\/\/www.venitex.cz\/author\/#Person","name":"","url":"https:\/\/www.venitex.cz\/author\/","identifier":1,"image":{"@type":"ImageObject","@id":"https:\/\/secure.gravatar.com\/avatar\/70bfba35016f640cc40a20bdb6eeeb519f15df7de2446955eee0a1f10ed86e77?s=96&d=mm&r=g","url":"https:\/\/secure.gravatar.com\/avatar\/70bfba35016f640cc40a20bdb6eeeb519f15df7de2446955eee0a1f10ed86e77?s=96&d=mm&r=g","height":96,"width":96}},"publisher":{"@type":"Organization","name":"venitex.cz","logo":{"@type":"ImageObject","@id":"\/logo.png","url":"\/logo.png","width":600,"height":60}},"image":{"@type":"ImageObject","@id":"https:\/\/www.venitex.cz\/wp-content\/uploads\/firma6_10_5.jpg","url":"https:\/\/www.venitex.cz\/wp-content\/uploads\/firma6_10_5.jpg","height":0,"width":0},"url":"https:\/\/www.venitex.cz\/proc-se-nekteri-podnikatele-rozhodnou-pro-virtualni-sidlo-ostrava\/","about":["Slu\u017eby"],"wordCount":404,"articleBody":"   Ze z\u00e1kona mus\u00ed m\u00edt v na\u0161\u00ed republice ka\u017ed\u00fd podnikatel, a\u0165 u\u017e se jedn\u00e1 o osobu samostatn\u011b v\u00fdd\u011ble\u010dn\u011b \u010dinnou \u010di o firmu, zaregistrovan\u00e9 s\u00eddlo, na kter\u00e9 bude mo\u017en\u00e9 zas\u00edlat firemn\u00ed po\u0161tu. Pokud jde o lokalitu \u010di typ budovy, pak zde nejsou \u017e\u00e1dn\u00e1 velk\u00e1 omezen\u00ed \u2013 klidn\u011b m\u016f\u017eete pou\u017e\u00edt i svou dom\u00e1c\u00ed adresu, pokud podnik\u00e1te z domova.To ov\u0161em mnohdy nen\u00ed p\u0159\u00edli\u0161 v\u00fdhodn\u00e9, nebo\u0165 adresa s\u00eddla firmy je ve\u0159ejn\u011b p\u0159\u00edstupn\u00e1 v rejst\u0159\u00edku firem, tak\u017ee by si ka\u017ed\u00fd mohl naj\u00edt, kde bydl\u00edte. A to v\u00e1m nemus\u00ed b\u00fdt zrovna po chuti.Proto se zvl\u00e1\u0161t\u011b mal\u00ed podnikatel\u00e9 \u010dasto rozhodnou pro n\u011bkter\u00e9 z virtu\u00e1ln\u00edch s\u00eddel. To m\u00e1 v\u00fdhodu i v tom, \u017ee si mohou vybrat lokalitu. Z pochopiteln\u00fdch d\u016fvod\u016f je zdaleka nejpopul\u00e1rn\u011bj\u0161\u00ed Praha, av\u0161ak ta rozhodn\u011b nen\u00ed jedin\u00e1. Jednou z mo\u017enost\u00ed je i virtu\u00e1ln\u00ed s\u00eddlo Ostrava kancelar29.cz.To se m\u016f\u017ee na prvn\u00ed pohled zd\u00e1t pon\u011bkud zvl\u00e1\u0161tn\u00ed. Pro\u010d bychom m\u011bli m\u00edt s\u00eddlo zrovna v Ostrav\u011b, daleko na v\u00fdchod\u011b republiky? D\u016fvod\u016f je hned n\u011bkolik.Asi nikoho nep\u0159ekvap\u00ed, \u017ee cena se \u0159ad\u00ed mezi ty hlavn\u00ed faktory. Pr\u00e1v\u011b Ostrava je toti\u017e jednou z t\u011bch levn\u011bj\u0161\u00edch lokalit, av\u0161ak st\u00e1le je\u0161t\u011b dostate\u010dn\u011b presti\u017en\u00ed, aby p\u0159il\u00e1kala potenci\u00e1ln\u00ed z\u00e1kazn\u00edky \u010di obchodn\u00ed partnery. Pro n\u011bkoho tedy m\u016f\u017ee p\u0159edstavovat ten nejlep\u0161\u00ed kompromis mezi cenou a presti\u017e\u00ed lokality.D\u00e1le je tu pak vzd\u00e1lenost. Podnikatel mus\u00ed po\u010d\u00edtat s t\u00edm, \u017ee i virtu\u00e1ln\u00ed s\u00eddlo bude muset minim\u00e1ln\u011b jednou t\u00fddn\u011b nav\u0161t\u00edvit, aby si p\u0159ebral firemn\u00ed po\u0161tu. Pak zde tak\u00e9 bude po\u0159\u00e1dat sch\u016fzky s klienty \u010di obchodn\u00edmi partnery. Rozhodn\u011b by to tedy nem\u011bl m\u00edt a\u017e tak daleko. A pokud \u017eije na severn\u00ed Morav\u011b, je Ostrava i z tohoto hlediska nejlep\u0161\u00edm mo\u017en\u00fdm \u0159e\u0161en\u00edm.Samoz\u0159ejm\u011b je jasn\u00e9, \u017ee nen\u00ed vhodn\u00e1 pro ka\u017ed\u00e9ho. Ov\u0161em nen\u00ed pot\u0159eba p\u0159edst\u00edrat, \u017ee existuje pouze Praha. Jist\u011b, z obchodn\u00edho hlediska je zdaleka nejatraktivn\u011bj\u0161\u00ed. Av\u0161ak mo\u017en\u00e1 zjist\u00edme, \u017ee jin\u00e9 mo\u017enosti jsou v na\u0161\u00ed situaci mnohem v\u00fdhodn\u011bj\u0161\u00ed.                                                                                                                                                                                                                                                                                                                                                                                          4.2\/5 - (8 votes)        "},{"@context":"https:\/\/schema.org\/","@type":"BreadcrumbList","itemListElement":[{"@type":"ListItem","position":1,"name":"Pro\u010d se n\u011bkte\u0159\u00ed podnikatel\u00e9 rozhodnou pro virtu\u00e1ln\u00ed s\u00eddlo Ostrava","item":"https:\/\/www.venitex.cz\/proc-se-nekteri-podnikatele-rozhodnou-pro-virtualni-sidlo-ostrava\/#breadcrumbitem"}]}]