[{"@context":"https:\/\/schema.org\/","@type":"Article","@id":"https:\/\/www.venitex.cz\/radost-z-poznani\/#Article","mainEntityOfPage":"https:\/\/www.venitex.cz\/radost-z-poznani\/","headline":"Radost z pozn\u00e1n\u00ed","name":"Radost z pozn\u00e1n\u00ed","description":"V\u017edycky jsem moc r\u00e1da cestovala a to kamkoliv, kde je to p\u011bkn\u00e9. A kdy\u017e to tak \u0159eknu, tak","datePublished":"2022-11-06","dateModified":"2023-06-07","author":{"@type":"Person","@id":"https:\/\/www.venitex.cz\/author\/#Person","name":"","url":"https:\/\/www.venitex.cz\/author\/","identifier":1,"image":{"@type":"ImageObject","@id":"https:\/\/secure.gravatar.com\/avatar\/70bfba35016f640cc40a20bdb6eeeb519f15df7de2446955eee0a1f10ed86e77?s=96&d=mm&r=g","url":"https:\/\/secure.gravatar.com\/avatar\/70bfba35016f640cc40a20bdb6eeeb519f15df7de2446955eee0a1f10ed86e77?s=96&d=mm&r=g","height":96,"width":96}},"publisher":{"@type":"Organization","name":"venitex.cz","logo":{"@type":"ImageObject","@id":"\/logo.png","url":"\/logo.png","width":600,"height":60}},"image":{"@type":"ImageObject","@id":"https:\/\/www.venitex.cz\/wp-content\/uploads\/adult-2693054_1280_2.jpg","url":"https:\/\/www.venitex.cz\/wp-content\/uploads\/adult-2693054_1280_2.jpg","height":0,"width":0},"url":"https:\/\/www.venitex.cz\/radost-z-poznani\/","about":["Cestov\u00e1n\u00ed"],"wordCount":410,"articleBody":"V\u017edycky jsem moc r\u00e1da cestovala a to kamkoliv, kde je to p\u011bkn\u00e9. A kdy\u017e to tak \u0159eknu, tak up\u0159\u00edmn\u011b mi to bylo docela jedno, kam budu cestovat, proto\u017ee jsem se o cestov\u00e1n\u00ed zaj\u00edmala u\u017e opravdu hodn\u011b dlouho. A jako mal\u00e1 holka je jsem nikam necestovala, co\u017e m\u011b mrzelo. A to hlavn\u011b z toho d\u016fvodu, \u017ee na to nebyly v\u016fbec pen\u00edze. Ale co jsem mohla d\u011blat? Mysl\u00edm si, \u017ee to byla tedy opravdu velik\u00e1 \u0161koda, proto\u017ee kdy\u017e to tak vezmu, tak cestov\u00e1n\u00ed je n\u011bco, kde si \u010dlov\u011bk v\u017edycky dok\u00e1\u017ee opravdu perfektn\u011b odpo\u010dinout. Mysl\u00edm si, \u017ee kdyby lid\u00e9 v\u00edce cestovali a tak\u00e9 odpo\u010d\u00edvali, tak to bude jenom pro jejich dobro.J\u00e1 si vzpom\u00edn\u00e1m, kdy\u017e jsem st\u00e1le cht\u011bla cestovat s otcem. Proto\u017ee otec jezdil pracovn\u011b pry\u010d, a to hlavn\u011b do Polska a tak\u00e9 na Slovensko. Jenom\u017ee pro m\u011b bylo velice smutn\u00e9 a obt\u00ed\u017en\u00e9 pochopit, kdy\u017e mi o sob\u011b \u0159ekl, \u017ee s n\u00edm jednodu\u0161e jezdit nem\u016f\u017eu. Proto\u017ee pr\u00fd je to pracovn\u00ed a tak\u00e9 soukrom\u00e9, \u017ee tam d\u011bti nemaj\u00ed v\u016fbec co d\u011blat. Jenom\u017ee \u0159ekn\u011bte to n\u011bkdy osmilet\u00e9mu anebo dev\u00edtilet\u00e9mu d\u00edt\u011bti, kter\u00e9 se t\u011b\u0161\u00ed, \u017ee bude s otcem cestovat. Nakonec to v\u0161echno dopadlo tak, \u017ee jsem z toho byla opravdu tak moc ne\u0161\u0165astn\u00e1, \u017ee jsem v\u016fbec netu\u0161ila, co d\u011bl\u00e1m. Kolikr\u00e1t tak\u00e9 jsem se na\u0161tvala na sv\u00e9ho otce a tak\u00e9 jsem se s n\u00edm poh\u00e1dala. Mysl\u00edm si, \u017ee tehdy to byly opravdu zbyte\u010dn\u00e9. Nyn\u00ed u\u017e je tomu hodn\u011b let zp\u00e1tky a nyn\u00ed cestuji sama. A r\u00e1da tak\u00e9 cestuji sama, ale v posledn\u00ed dob\u011b, kdy jsem si na\u0161la p\u0159\u00edtele, tak cestujeme oba dva spolu a moc r\u00e1di. Oba dva se chyst\u00e1me do Indie a tak\u00e9 na Maledivy, kam se chyst\u00e1me p\u0159\u00ed\u0161t\u00ed rok. A mus\u00edme si s p\u0159\u00edtelem prvn\u00ed na\u0161et\u0159it n\u011bkter\u00e9 pen\u00edze, bychom m\u011bli na cestov\u00e1n\u00ed a abychom tak\u00e9 si u\u017eili potom perfektn\u00ed dovolenou, jakou si u\u017e zaslou\u017e\u00edme, proto\u017ee jsme u\u017e na dovolen\u00e9 nebyly asi dva roky, tak\u017ee podle m\u00e9ho n\u00e1zoru je u\u017e opravdu na m\u00edst\u011b, abychom si dovolenou u\u017eili a vycestovali n\u011bkam za hranice.\u00a0                                                                                                                                                                                                                                                                                                                                                                                        3.8\/5 - (10 votes)        "},{"@context":"https:\/\/schema.org\/","@type":"BreadcrumbList","itemListElement":[{"@type":"ListItem","position":1,"name":"Radost z pozn\u00e1n\u00ed","item":"https:\/\/www.venitex.cz\/radost-z-poznani\/#breadcrumbitem"}]}]