[{"@context":"https:\/\/schema.org\/","@type":"Article","@id":"https:\/\/www.venitex.cz\/snizte-vydaje-za-elektrinu\/#Article","mainEntityOfPage":"https:\/\/www.venitex.cz\/snizte-vydaje-za-elektrinu\/","headline":"Sni\u017ete v\u00fddaje za elekt\u0159inu","name":"Sni\u017ete v\u00fddaje za elekt\u0159inu","description":"M\u00e1te doma t\u00e9m\u011b\u0159 v\u0161e na elekt\u0159inu? Je jedno jestli m\u00e1te star\u0161\u00ed d\u016fm a nebo novostavbu. Pokud m\u00e1te b\u011b\u017en\u00e9","datePublished":"2023-06-21","dateModified":"2024-02-05","author":{"@type":"Person","@id":"https:\/\/www.venitex.cz\/author\/#Person","name":"","url":"https:\/\/www.venitex.cz\/author\/","identifier":1,"image":{"@type":"ImageObject","@id":"https:\/\/secure.gravatar.com\/avatar\/70bfba35016f640cc40a20bdb6eeeb519f15df7de2446955eee0a1f10ed86e77?s=96&d=mm&r=g","url":"https:\/\/secure.gravatar.com\/avatar\/70bfba35016f640cc40a20bdb6eeeb519f15df7de2446955eee0a1f10ed86e77?s=96&d=mm&r=g","height":96,"width":96}},"publisher":{"@type":"Organization","name":"venitex.cz","logo":{"@type":"ImageObject","@id":"\/logo.png","url":"\/logo.png","width":600,"height":60}},"image":{"@type":"ImageObject","@id":"https:\/\/www.venitex.cz\/wp-content\/uploads\/solar-energy-862602_640_10.jpg","url":"https:\/\/www.venitex.cz\/wp-content\/uploads\/solar-energy-862602_640_10.jpg","height":0,"width":0},"url":"https:\/\/www.venitex.cz\/snizte-vydaje-za-elektrinu\/","about":["Produkty"],"wordCount":429,"articleBody":"       M\u00e1te doma t\u00e9m\u011b\u0159 v\u0161e na elekt\u0159inu? Je jedno jestli m\u00e1te star\u0161\u00ed d\u016fm a nebo novostavbu. Pokud m\u00e1te b\u011b\u017en\u00e9 spot\u0159ebi\u010de, nad r\u00e1mec toho nap\u0159\u00edklad kamerov\u00fd syst\u00e9m, chytrou dom\u00e1cnost nebo i nab\u00edje\u010dku na elektromobil a top\u00edte elektrokotlem, je jasn\u00e9, \u017ee va\u0161e spot\u0159eba bude v des\u00edtk\u00e1ch MWh. Vzhledem ke zdra\u017eov\u00e1n\u00ed je nanejv\u00fd\u0161 jist\u00e9, \u017ee va\u0161e zaplacen\u00e9 z\u00e1lohy nemohly sta\u010dit, proto\u017ee snad nikdo je nem\u011bl nastaven\u00e9 na tak vysok\u00e9 ceny. Spousta lid\u00ed, i ti s vy\u0161\u0161\u00ed spot\u0159ebou, b\u011b\u017en\u011b platili za z\u00e1lohy t\u0159eba do 5 tis\u00edc korun, proto\u017ee pokud n\u011bco dopl\u00e1celi, byly to b\u011b\u017en\u00e9 \u010d\u00e1stky a nikoliv desetitis\u00edce.Levn\u011bj\u0161\u00ed to nebude I kdy\u017e cena za elekt\u0159inu zase o n\u011bco klesla, ceny, na kter\u00e9 jsme byli zvykl\u00ed, u\u017e se nejsp\u00ed\u0161 nevr\u00e1t\u00ed. Je pot\u0159eba myslet na to, \u017ee je pot\u0159eba platit z\u00e1lohy \u00fam\u011brn\u011b vysok\u00e9 cen\u00e1m a spot\u0159eb\u011b. Bu\u010f je pot\u0159eba sn\u00ed\u017eit spot\u0159ebu, a nebo si mus\u00edte vyr\u00e1b\u011bt svoji vlastn\u00ed elekt\u0159inu. Pr\u00e1v\u011b t\u00e9to mo\u017enosti za\u010dali vyu\u017e\u00edvat lid\u00e9 tak, \u017ee si nechali namontovat na st\u0159echy sol\u00e1rn\u00ed panely. D\u00edky tomu si vyrob\u00ed svou elekt\u0159inu ze slune\u010dn\u00edho svitu, kterou mohou vyu\u017e\u00edt k provozu dom\u00e1cnosti. Daj\u00ed se tak u\u0161et\u0159it tis\u00edce korun ro\u010dn\u011b. Je samoz\u0159ejm\u011b nutn\u00e9 po\u010d\u00edtat s po\u010d\u00e1te\u010dn\u00ed investic\u00ed, ale st\u00e1le je n\u00e1vratnost rychl\u00e1.Fotovoltaika Brno je \u0159e\u0161en\u00edm pro v\u0161echny, kte\u0159\u00ed nejen v Brn\u011b a okol\u00ed cht\u011bj\u00ed objednat mont\u00e1\u017e sol\u00e1rn\u00edch panel\u016f. Je to v\u00fdhodn\u00e9 \u0159e\u0161en\u00ed, proto\u017ee d\u00edky tomu nejen u\u0161et\u0159\u00edte, ale je\u0161t\u011b m\u016f\u017eete vyd\u011blat v p\u0159\u00edpad\u011b \u017ee budete prod\u00e1vat p\u0159ebytky dodavatel\u016fm energi\u00ed. Samoz\u0159ejmost\u00ed je mo\u017enost ulo\u017eit si elekt\u0159inu do bateri\u00ed a m\u016f\u017eete ji tak vyu\u017e\u00edt pozd\u011bji. Skv\u011ble se v\u00e1m ulo\u017een\u00e1 elekt\u0159ina bude hodit v p\u0159\u00edpad\u011b v\u00fdpadku proudu, proto\u017ee zat\u00edmco ostatn\u00ed budou muset \u010dekat na obnovu dod\u00e1vek, vy budete m\u00edt po\u0159\u00e1d z \u010deho br\u00e1t.M\u00e1te n\u00edzk\u00fd tarif? Tarif\u016f je v\u00edc, a je d\u016fle\u017eit\u00e9 si propo\u010d\u00edtat, kter\u00fd tarif je pro v\u00e1s v\u00fdhodn\u011bj\u0161\u00ed. I tak je mo\u017en\u00e9 u\u0161et\u0159it a neplatit zbyte\u010dn\u011b hodn\u011b pen\u011bz.                                                                                                                                                                                                                                                                                                                                                                                          4.4\/5 - (13 votes)        "},{"@context":"https:\/\/schema.org\/","@type":"BreadcrumbList","itemListElement":[{"@type":"ListItem","position":1,"name":"Sni\u017ete v\u00fddaje za elekt\u0159inu","item":"https:\/\/www.venitex.cz\/snizte-vydaje-za-elektrinu\/#breadcrumbitem"}]}]