[{"@context":"https:\/\/schema.org\/","@type":"Article","@id":"https:\/\/www.venitex.cz\/sponky-nejsou-jen-pro-male-slecny\/#Article","mainEntityOfPage":"https:\/\/www.venitex.cz\/sponky-nejsou-jen-pro-male-slecny\/","headline":"Sponky nejsou jen pro mal\u00e9 sle\u010dny","name":"Sponky nejsou jen pro mal\u00e9 sle\u010dny","description":"Z r\u016fzn\u00fdch archeologick\u00fdch n\u00e1lez\u016f je jasn\u00e9, \u017ee ani prav\u011bk\u00e9 \u017eeny necht\u011bly b\u00fdt oby\u010dejn\u00fdmi \u201etuctovkami\u201c a sna\u017eily se n\u011bjak\u00fdm","datePublished":"2018-04-05","dateModified":"2018-04-05","author":{"@type":"Person","@id":"https:\/\/www.venitex.cz\/author\/#Person","name":"","url":"https:\/\/www.venitex.cz\/author\/","identifier":1,"image":{"@type":"ImageObject","@id":"https:\/\/secure.gravatar.com\/avatar\/70bfba35016f640cc40a20bdb6eeeb519f15df7de2446955eee0a1f10ed86e77?s=96&d=mm&r=g","url":"https:\/\/secure.gravatar.com\/avatar\/70bfba35016f640cc40a20bdb6eeeb519f15df7de2446955eee0a1f10ed86e77?s=96&d=mm&r=g","height":96,"width":96}},"publisher":{"@type":"Organization","name":"venitex.cz","logo":{"@type":"ImageObject","@id":"\/logo.png","url":"\/logo.png","width":600,"height":60}},"image":{"@type":"ImageObject","@id":"https:\/\/www.venitex.cz\/wp-content\/uploads\/img_a315021_w2100_t1525960331.jpg","url":"https:\/\/www.venitex.cz\/wp-content\/uploads\/img_a315021_w2100_t1525960331.jpg","height":0,"width":0},"url":"https:\/\/www.venitex.cz\/sponky-nejsou-jen-pro-male-slecny\/","about":["Elektro"],"wordCount":414,"articleBody":"       Z r\u016fzn\u00fdch archeologick\u00fdch n\u00e1lez\u016f je jasn\u00e9, \u017ee ani prav\u011bk\u00e9 \u017eeny necht\u011bly b\u00fdt oby\u010dejn\u00fdmi \u201etuctovkami\u201c a sna\u017eily se n\u011bjak\u00fdm zp\u016fsobem zkr\u00e1\u0161lit sv\u016fj zevn\u011bj\u0161ek. Pokud bychom si mysleli, \u017ee m\u011bly velice omezen\u00e9 mo\u017enosti a tak t\u00e9 par\u00e1dy mnoho nenad\u011blaly, velice bychom se m\u00fdlili. Na\u0161e praprababi\u010dky byly opravdu velmi kreativn\u00ed. \u00b7 Dok\u00e1zaly si ud\u011blat kr\u00e1snou (v\u011bc n\u00e1zoru) ozd\u016fbku nap\u0159\u00edklad ze zv\u00ed\u0159ec\u00ed kosti nebo zbytku k\u016f\u017ee. \u00b7 Ty, kter\u00e9 byly zam\u011b\u0159en\u00e9 sp\u00ed\u0161e romanticky, vytv\u00e1\u0159ely kreativn\u00ed v\u011bci z p\u0159\u00edrodnin. Touha \u017een po zkr\u00e1\u0161lov\u00e1n\u00ed z\u016fstala a\u017e do dne\u0161n\u00edch dob. A nen\u00ed d\u016fvod na tom n\u011bco m\u011bnit i do budoucna. Byla by to p\u0159eci velk\u00e1 \u0161koda. Proto u\u017e mal\u00e9 sle\u010dny potaj\u00ed berou sv\u00fdm mamink\u00e1m r\u016fzn\u00e9 \u0161perky a kor\u00e1lky, aby dos\u00e1hly dokonal\u00e9ho vzhledu. V duchu si jist\u011b \u0159\u00edkaj\u00ed, \u017ee by m\u011bly tak\u00e9 r\u00e1dy n\u011bjakou tu \u0161perkovnici a v n\u00ed ukryt\u00e9 poklady. Dop\u0159ejte sv\u00e9 mal\u00e9 princezn\u011b n\u011bjakou tu par\u00e1du. Podle odborn\u00edk\u016f si t\u00edm bude t\u0159\u00edbit sv\u016fj vkus do budoucna. Netradi\u010dn\u00ed ozdoby Kr\u00e1snou a romantickou z\u00e1le\u017eitost\u00ed je ozdoba do vlas\u016f, kter\u00e1 se hod\u00ed zejm\u00e9na na slavnostn\u00ed p\u0159\u00edle\u017eitosti. Je to n\u011b\u017en\u00e1 kv\u011btinov\u00e1 \u010delenka v b\u00edl\u00e9 barv\u011b, kter\u00e1 je pota\u017een\u00e1 sat\u00e9nem. To j\u00ed dod\u00e1v\u00e1 luxusn\u00ed n\u00e1dech a nav\u00edc je to praktick\u00e9 \u0159e\u0161en\u00ed. Neklou\u017ee j\u00ed z vlas\u016f. Takov\u00e1to \u010delenka se skv\u011ble hod\u00ed na svatby pro dru\u017ei\u010dky nebo nap\u0159\u00edklad k Prvn\u00edmu svat\u00e9mu p\u0159ij\u00edm\u00e1n\u00ed. Pro ka\u017edodenn\u00ed no\u0161en\u00ed do \u0161koly nebo \u0161kolky jsou ide\u00e1ln\u00ed leskl\u00e9 barevn\u00e9 \u201epuka\u010dky\u201c. Mal\u00e1 sle\u010dna je ocen\u00ed zejm\u00e9na za v\u011btrn\u00e9ho dne. Ale nejen praktick\u00e9 mohou tyto spony b\u00fdt. Jeliko\u017e se vyr\u00e1b\u011bj\u00ed v mnoha barevn\u00fdch i tvarov\u00fdch variant\u00e1ch, m\u016f\u017ee to b\u00fdt skv\u011bl\u00fd m\u00f3dn\u00ed dopln\u011bk. A nejen na vlasy. \u00b7 Sponky, kter\u00e9 jsou dopln\u011bn\u00e9 nap\u0159\u00edklad mot\u00fdlem nebo n\u011bjak\u00fdm cizokrajn\u00fdm zv\u00ed\u0159\u00e1tkem, p\u0159\u00edmo vyb\u00edzej\u00ed k tomu, aby byly pou\u017eity jako nev\u0161edn\u00ed ozdoba halenky nebo letn\u00edch \u0161at\u016f.  \u00b7 Zkuste popustit uzdu fantazii a uvid\u00edte, jak\u00e9 mo\u017enosti v\u00e1s napadnou.                                                                                                                                                                                                                                                                                                                                                                                          3.2\/5 - (4 votes)        "},{"@context":"https:\/\/schema.org\/","@type":"BreadcrumbList","itemListElement":[{"@type":"ListItem","position":1,"name":"Sponky nejsou jen pro mal\u00e9 sle\u010dny","item":"https:\/\/www.venitex.cz\/sponky-nejsou-jen-pro-male-slecny\/#breadcrumbitem"}]}]