[{"@context":"https:\/\/schema.org\/","@type":"Article","@id":"https:\/\/www.venitex.cz\/ta-prava-kuchyne\/#Article","mainEntityOfPage":"https:\/\/www.venitex.cz\/ta-prava-kuchyne\/","headline":"Ta prav\u00e1 kuchyn\u011b","name":"Ta prav\u00e1 kuchyn\u011b","description":"Pokud se rozhodnete pro novou kuchy\u0148, jist\u011b u\u017e m\u00e1te alespo\u0148 malinkou p\u0159edstavu, jak by m\u011bla va\u0161e vysn\u011bn\u00e1 kuchy\u0148","datePublished":"2024-03-22","dateModified":"2024-04-22","author":{"@type":"Person","@id":"https:\/\/www.venitex.cz\/author\/#Person","name":"","url":"https:\/\/www.venitex.cz\/author\/","identifier":1,"image":{"@type":"ImageObject","@id":"https:\/\/secure.gravatar.com\/avatar\/70bfba35016f640cc40a20bdb6eeeb519f15df7de2446955eee0a1f10ed86e77?s=96&d=mm&r=g","url":"https:\/\/secure.gravatar.com\/avatar\/70bfba35016f640cc40a20bdb6eeeb519f15df7de2446955eee0a1f10ed86e77?s=96&d=mm&r=g","height":96,"width":96}},"publisher":{"@type":"Organization","name":"venitex.cz","logo":{"@type":"ImageObject","@id":"\/logo.png","url":"\/logo.png","width":600,"height":60}},"image":{"@type":"ImageObject","@id":"https:\/\/www.venitex.cz\/wp-content\/uploads\/kitchen-2165756_1280_10_6.jpg","url":"https:\/\/www.venitex.cz\/wp-content\/uploads\/kitchen-2165756_1280_10_6.jpg","height":0,"width":0},"url":"https:\/\/www.venitex.cz\/ta-prava-kuchyne\/","about":["Produkty"],"wordCount":418,"articleBody":"   Pokud se rozhodnete pro novou kuchy\u0148, jist\u011b u\u017e m\u00e1te alespo\u0148 malinkou p\u0159edstavu, jak by m\u011bla va\u0161e vysn\u011bn\u00e1 kuchy\u0148 vypadat. Ale i tak to n\u011bkdy m\u016f\u017ee b\u00fdt p\u011bkn\u011b slo\u017eit\u00e9 si vybrat vysn\u011bnou kuchy\u0148 z n\u011bkolika tis\u00edc r\u016fzn\u00fdch model\u016f anebo si ji dokonce s\u00e1m i navrhnout. Nechat si ud\u011blat kuchy\u0148 tak, aby byl \u010dlov\u011bk naprosto spokojen\u00fd, m\u016f\u017ee b\u00fdt p\u011bkn\u00fd o\u0159\u00ed\u0161ek a mnohdy m\u016f\u017ee i jej\u00ed v\u00fdb\u011br trvat. J\u00e1 bych v\u00e1m mohla vypr\u00e1v\u011bt o tom, kdy\u017e jsem si nechala d\u011blat novou kuchy\u0148. Ze za\u010d\u00e1tku jsem vlastn\u011b v\u016fbec nev\u011bd\u011bla, jakou barvu kuchyn\u011b chci a tak d\u00e1le. J\u00e1 jsem toti\u017e takov\u00fd nerozhodn\u00fd typ, \u017ee n\u011bkdy m\u011b rozhodov\u00e1n\u00ed \u010dehokoliv trv\u00e1 klidn\u011b i n\u011bkolik dn\u016f, v n\u011bjak\u00fdch p\u0159\u00edpadech i t\u00fddn\u016f. Kuchy\u0148 je toti\u017e n\u011bco, co budu m\u00edt doma na dlouhou dobu, ne-li na cel\u00fd \u017eivot. A pr\u00e1v\u011b proto by ka\u017ed\u00fd \u010dlov\u011bk m\u011bl volit design kuchyn\u011b, barvu a takov\u00e9 dal\u0161\u00ed v\u011bci podle jeho p\u0159\u00e1n\u00ed.Pora\u010fte se s odborn\u00edkem na kuchyn\u011b N\u011bkdy m\u016f\u017ee b\u00fdt opravdu t\u011b\u017ek\u00e9 si vybrat a je lep\u0161\u00ed se poradit s firmou, kter\u00e1 v\u00e1m kuchyn\u011b bude d\u011blat. V tomhle p\u0159\u00edpad\u011b by se skv\u011ble hodila fotogalerie modern\u00ed kuchyn\u011b. Pr\u00e1v\u011b na jejich webov\u00fdch str\u00e1nk\u00e1ch se m\u016f\u017eete pod\u00edvat na jejich dosavadn\u00ed pr\u00e1ce a tvorby kuchyn\u00ed, kter\u00e9 jsou opravdu n\u00e1dhern\u00e9 a t\u0159eba se v\u00e1m tam n\u011bjak\u00e1 zal\u00edb\u00ed.Mnohdy kdy\u017e \u010dlov\u011bk uvid\u00ed na fotce n\u011bkolik model\u016f na vlastn\u00ed o\u010di, tak je to o hodn\u011b snaz\u0161\u00ed, kdy\u017e o tom jen mluv\u00ed a p\u0159em\u00fd\u0161l\u00ed. Napadla m\u011b je\u0161t\u011b Inspirace i na dal\u0161\u00edch soci\u00e1ln\u00edch s\u00edt\u00edch, jako je t\u0159eba Pinterest. Tam najdete skoro v\u0161echno, sta\u010d\u00ed jenom napsat to, co zrovna hled\u00e1te. P\u0159izn\u00e1m se, \u017ee i j\u00e1 jsem se trochu inspirovala na internetu fotkami kuchyn\u00ed, a nakonec vyhr\u00e1la v\u00fdrazn\u011bj\u0161\u00ed kuchy\u0148, kterou mi d\u011blala firma glanckuchyne.cz. A rozhodn\u011b jsem s v\u00fdsledkem byla mnohem spokojen\u011bj\u0161\u00ed, ne\u017e jsem o\u010dek\u00e1vala, a tak tuto firmu mohu v\u0159ele doporu\u010dit d\u00e1le na sto procent, proto\u017ee odv\u00e1d\u00ed kvalitn\u00ed pr\u00e1ci. Tak nev\u00e1hejte a p\u0159esv\u011bd\u010dte se tak\u00e9!                                                                                                                                                                                                                                                                                                                                                                                          4.1\/5 - (13 votes)        "},{"@context":"https:\/\/schema.org\/","@type":"BreadcrumbList","itemListElement":[{"@type":"ListItem","position":1,"name":"Ta prav\u00e1 kuchyn\u011b","item":"https:\/\/www.venitex.cz\/ta-prava-kuchyne\/#breadcrumbitem"}]}]